{"id":375,"date":"2021-08-25T22:39:40","date_gmt":"2021-08-25T20:39:40","guid":{"rendered":"http:\/\/www.illiumdesign.hu\/wp\/?p=375"},"modified":"2021-10-05T19:05:18","modified_gmt":"2021-10-05T17:05:18","slug":"maganlakas-pafrany-utca","status":"publish","type":"post","link":"https:\/\/illiumdesign.hu\/?p=375","title":{"rendered":"Mag\u00e1nlak\u00e1s \u2013 P\u00e1fr\u00e1ny utca"},"content":{"rendered":"\n<p>Megb\u00edz\u00e1s: tervez\u00e9s<\/p>\n\n\n\n<p>35 m2&nbsp;<\/p>\n\n\n\n<p>Megb\u00edz\u00f3ink m\u00e1r egy \u00e9ve laktak a bent, amikor teljes nyilv\u00e1n val\u00f3v\u00e1 v\u00e1lt, hogy a lak\u00e1s 12 m2-es nappalija igencsak sz\u0171k\u00f6s \u00e9lett\u00e9r egy csal\u00e1dnak. \u00cdgy a nappali melletti szob\u00e1t \u00f6sszenyitottuk a nappalival, az 50 cm vastag v\u00e1laszfal \u00e1tt\u00f6r\u00e9s\u00e9hez statikus szakv\u00e9lem\u00e9ny k\u00e9sz\u00fclt. A kiv\u00e1lt\u00f3 gerenda gipszkarton burkolat\u00e1ba rejtett vil\u00e1g\u00edt\u00e1s ker\u00fclt. A t\u00e9r n\u00f6vel\u00e9s\u00e9hez kivett\u00fck a szob\u00e1k ajtaj\u00e1t, valamint kapott m\u00e9g k\u00e9t keskenyebb \u00e1tt\u00f6r\u00e9st a fal, az \u00e1tj\u00e1r\u00f3kat fa b\u00e9l\u00e9sek hangs\u00falyoztuk.<\/p>\n\n\n\n<!-- default-view.php -->\n<div\n\tclass=\"ngg-galleryoverview default-view \"\n\tid=\"ngg-gallery-649e3b3c92a8224631ac57a92bdbd52d-1\">\n\n\t\t<!-- Thumbnails -->\n\t\t\t\t<div id=\"ngg-image-0\" class=\"ngg-gallery-thumbnail-box \" >\n\t\t\t\t        <div class=\"ngg-gallery-thumbnail\">\n            <a href=\"https:\/\/illiumdesign.hu\/wp-content\/gallery\/maganlakaspafrany\/nappali_fele_komod_zold_csikkal.jpg\"\n               title=\"\"\n               data-src=\"https:\/\/illiumdesign.hu\/wp-content\/gallery\/maganlakaspafrany\/nappali_fele_komod_zold_csikkal.jpg\"\n               data-thumbnail=\"https:\/\/illiumdesign.hu\/wp-content\/gallery\/maganlakaspafrany\/thumbs\/thumbs_nappali_fele_komod_zold_csikkal.jpg\"\n               data-image-id=\"199\"\n               data-title=\"nappali_fele_komod_zold_csikkal\"\n               data-description=\"\"\n               data-image-slug=\"nappali_fele_komod_zold_csikkal\"\n               class=\"ngg-simplelightbox\" rel=\"649e3b3c92a8224631ac57a92bdbd52d\">\n                <img\n                    title=\"nappali_fele_komod_zold_csikkal\"\n                    alt=\"nappali_fele_komod_zold_csikkal\"\n                    src=\"https:\/\/illiumdesign.hu\/wp-content\/gallery\/maganlakaspafrany\/thumbs\/thumbs_nappali_fele_komod_zold_csikkal.jpg\"\n                    width=\"240\"\n                    height=\"160\"\n                    style=\"max-width:100%;\"\n                \/>\n            <\/a>\n        <\/div>\n\t\t\t\t\t\t\t<\/div> \n\t\t\t\n\t\t\t\t<div id=\"ngg-image-1\" class=\"ngg-gallery-thumbnail-box \" >\n\t\t\t\t        <div class=\"ngg-gallery-thumbnail\">\n            <a href=\"https:\/\/illiumdesign.hu\/wp-content\/gallery\/maganlakaspafrany\/konyvtar_fele_ablakkal.jpg\"\n               title=\"\"\n               data-src=\"https:\/\/illiumdesign.hu\/wp-content\/gallery\/maganlakaspafrany\/konyvtar_fele_ablakkal.jpg\"\n               data-thumbnail=\"https:\/\/illiumdesign.hu\/wp-content\/gallery\/maganlakaspafrany\/thumbs\/thumbs_konyvtar_fele_ablakkal.jpg\"\n               data-image-id=\"197\"\n               data-title=\"konyvtar_fele_ablakkal\"\n               data-description=\"\"\n               data-image-slug=\"konyvtar_fele_ablakkal\"\n               class=\"ngg-simplelightbox\" rel=\"649e3b3c92a8224631ac57a92bdbd52d\">\n                <img\n                    title=\"konyvtar_fele_ablakkal\"\n                    alt=\"konyvtar_fele_ablakkal\"\n                    src=\"https:\/\/illiumdesign.hu\/wp-content\/gallery\/maganlakaspafrany\/thumbs\/thumbs_konyvtar_fele_ablakkal.jpg\"\n                    width=\"240\"\n                    height=\"160\"\n                    style=\"max-width:100%;\"\n                \/>\n            <\/a>\n        <\/div>\n\t\t\t\t\t\t\t<\/div> \n\t\t\t\n\t\t\t\t<div id=\"ngg-image-2\" class=\"ngg-gallery-thumbnail-box \" >\n\t\t\t\t        <div class=\"ngg-gallery-thumbnail\">\n            <a href=\"https:\/\/illiumdesign.hu\/wp-content\/gallery\/maganlakaspafrany\/konyvtar_fele_atjarokkaljpg.jpg\"\n               title=\"\"\n               data-src=\"https:\/\/illiumdesign.hu\/wp-content\/gallery\/maganlakaspafrany\/konyvtar_fele_atjarokkaljpg.jpg\"\n               data-thumbnail=\"https:\/\/illiumdesign.hu\/wp-content\/gallery\/maganlakaspafrany\/thumbs\/thumbs_konyvtar_fele_atjarokkaljpg.jpg\"\n               data-image-id=\"198\"\n               data-title=\"konyvtar_fele_atjarokkaljpg\"\n               data-description=\"\"\n               data-image-slug=\"konyvtar_fele_atjarokkaljpg\"\n               class=\"ngg-simplelightbox\" rel=\"649e3b3c92a8224631ac57a92bdbd52d\">\n                <img\n                    title=\"konyvtar_fele_atjarokkaljpg\"\n                    alt=\"konyvtar_fele_atjarokkaljpg\"\n                    src=\"https:\/\/illiumdesign.hu\/wp-content\/gallery\/maganlakaspafrany\/thumbs\/thumbs_konyvtar_fele_atjarokkaljpg.jpg\"\n                    width=\"240\"\n                    height=\"160\"\n                    style=\"max-width:100%;\"\n                \/>\n            <\/a>\n        <\/div>\n\t\t\t\t\t\t\t<\/div> \n\t\t\t\n\t\t\t\t<div id=\"ngg-image-3\" class=\"ngg-gallery-thumbnail-box \" >\n\t\t\t\t        <div class=\"ngg-gallery-thumbnail\">\n            <a href=\"https:\/\/illiumdesign.hu\/wp-content\/gallery\/maganlakaspafrany\/konyvtar.jpg\"\n               title=\"\"\n               data-src=\"https:\/\/illiumdesign.hu\/wp-content\/gallery\/maganlakaspafrany\/konyvtar.jpg\"\n               data-thumbnail=\"https:\/\/illiumdesign.hu\/wp-content\/gallery\/maganlakaspafrany\/thumbs\/thumbs_konyvtar.jpg\"\n               data-image-id=\"200\"\n               data-title=\"konyvtar\"\n               data-description=\"\"\n               data-image-slug=\"konyvtar\"\n               class=\"ngg-simplelightbox\" rel=\"649e3b3c92a8224631ac57a92bdbd52d\">\n                <img\n                    title=\"konyvtar\"\n                    alt=\"konyvtar\"\n                    src=\"https:\/\/illiumdesign.hu\/wp-content\/gallery\/maganlakaspafrany\/thumbs\/thumbs_konyvtar.jpg\"\n                    width=\"240\"\n                    height=\"160\"\n                    style=\"max-width:100%;\"\n                \/>\n            <\/a>\n        <\/div>\n\t\t\t\t\t\t\t<\/div> \n\t\t\t\n\t\t\t\t<div id=\"ngg-image-4\" class=\"ngg-gallery-thumbnail-box \" >\n\t\t\t\t        <div class=\"ngg-gallery-thumbnail\">\n            <a href=\"https:\/\/illiumdesign.hu\/wp-content\/gallery\/maganlakaspafrany\/tv_fal.jpg\"\n               title=\"\"\n               data-src=\"https:\/\/illiumdesign.hu\/wp-content\/gallery\/maganlakaspafrany\/tv_fal.jpg\"\n               data-thumbnail=\"https:\/\/illiumdesign.hu\/wp-content\/gallery\/maganlakaspafrany\/thumbs\/thumbs_tv_fal.jpg\"\n               data-image-id=\"201\"\n               data-title=\"tv_fal\"\n               data-description=\"\"\n               data-image-slug=\"tv_fal\"\n               class=\"ngg-simplelightbox\" rel=\"649e3b3c92a8224631ac57a92bdbd52d\">\n                <img\n                    title=\"tv_fal\"\n                    alt=\"tv_fal\"\n                    src=\"https:\/\/illiumdesign.hu\/wp-content\/gallery\/maganlakaspafrany\/thumbs\/thumbs_tv_fal.jpg\"\n                    width=\"240\"\n                    height=\"160\"\n                    style=\"max-width:100%;\"\n                \/>\n            <\/a>\n        <\/div>\n\t\t\t\t\t\t\t<\/div> \n\t\t\t\n\t\n\t<br style=\"clear: both\" \/>\n\n\t\n\t\t<!-- Pagination -->\n\t<div class='ngg-clear'><\/div>\t<\/div>\n\n","protected":false},"excerpt":{"rendered":"<p>Megb\u00edz\u00e1s: tervez\u00e9s 35 m2&nbsp; Megb\u00edz\u00f3ink m\u00e1r egy \u00e9ve laktak a bent, amikor teljes nyilv\u00e1n val\u00f3v\u00e1 v\u00e1lt, hogy a lak\u00e1s 12 m2-es nappalija igencsak sz\u0171k\u00f6s \u00e9lett\u00e9r [&hellip;]<\/p>\n","protected":false},"author":1,"featured_media":383,"comment_status":"closed","ping_status":"closed","sticky":false,"template":"","format":"standard","meta":{"ngg_post_thumbnail":199},"categories":[2],"tags":[],"_links":{"self":[{"href":"https:\/\/illiumdesign.hu\/index.php?rest_route=\/wp\/v2\/posts\/375"}],"collection":[{"href":"https:\/\/illiumdesign.hu\/index.php?rest_route=\/wp\/v2\/posts"}],"about":[{"href":"https:\/\/illiumdesign.hu\/index.php?rest_route=\/wp\/v2\/types\/post"}],"author":[{"embeddable":true,"href":"https:\/\/illiumdesign.hu\/index.php?rest_route=\/wp\/v2\/users\/1"}],"replies":[{"embeddable":true,"href":"https:\/\/illiumdesign.hu\/index.php?rest_route=%2Fwp%2Fv2%2Fcomments&post=375"}],"version-history":[{"count":4,"href":"https:\/\/illiumdesign.hu\/index.php?rest_route=\/wp\/v2\/posts\/375\/revisions"}],"predecessor-version":[{"id":621,"href":"https:\/\/illiumdesign.hu\/index.php?rest_route=\/wp\/v2\/posts\/375\/revisions\/621"}],"wp:featuredmedia":[{"embeddable":true,"href":"https:\/\/illiumdesign.hu\/index.php?rest_route=\/wp\/v2\/media\/383"}],"wp:attachment":[{"href":"https:\/\/illiumdesign.hu\/index.php?rest_route=%2Fwp%2Fv2%2Fmedia&parent=375"}],"wp:term":[{"taxonomy":"category","embeddable":true,"href":"https:\/\/illiumdesign.hu\/index.php?rest_route=%2Fwp%2Fv2%2Fcategories&post=375"},{"taxonomy":"post_tag","embeddable":true,"href":"https:\/\/illiumdesign.hu\/index.php?rest_route=%2Fwp%2Fv2%2Ftags&post=375"}],"curies":[{"name":"wp","href":"https:\/\/api.w.org\/{rel}","templated":true}]}}