{"id":318,"date":"2021-08-25T22:30:00","date_gmt":"2021-08-25T20:30:00","guid":{"rendered":"http:\/\/www.illiumdesign.hu\/wp\/?p=318"},"modified":"2021-10-05T19:06:33","modified_gmt":"2021-10-05T17:06:33","slug":"jardinette-vendeglo-nemetvolgyi-ut","status":"publish","type":"post","link":"https:\/\/illiumdesign.hu\/?p=318","title":{"rendered":"Jardinette Vend\u00e9gl\u0151 &#8211; N\u00e9metv\u00f6lgyi \u00fat"},"content":{"rendered":"\n<p>Megb\u00edz\u00e1s: tervez\u00e9s&nbsp;<\/p>\n\n\n\n<p>16 m2<\/p>\n\n\n\n<p>A nagy m\u00faltra visszatekint\u0151 vend\u00e9gl\u0151 vizeshelyis\u00e9geinek tervez\u00e9s\u00e9re kaptunk a megb\u00edz\u00e1st. A n\u0151i mosd\u00f3ban \u00f3ri\u00e1s vir\u00e1gmint\u00e1s f\u00e9nyes falburkolat \u00e9s nagy \u00e1ll\u00f3 t\u00fck\u00f6r ker\u00fclt be\u00e9p\u00edt\u00e9sre. A f\u00e9rfi mosd\u00f3ban a \u201erozsd\u00e1s\u201d hat\u00e1s\u00fa bar\u00e1zd\u00e1lt falburkolat k\u00e9pviseli a f\u00e9rfias vonalvezet\u00e9st.<\/p>\n\n\n\n<!-- default-view.php -->\n<div\n\tclass=\"ngg-galleryoverview default-view \"\n\tid=\"ngg-gallery-d99f19c9d57957e6fd79a69c66645ddc-1\">\n\n\t\t<!-- Thumbnails -->\n\t\t\t\t<div id=\"ngg-image-0\" class=\"ngg-gallery-thumbnail-box \" >\n\t\t\t\t        <div class=\"ngg-gallery-thumbnail\">\n            <a href=\"https:\/\/illiumdesign.hu\/wp-content\/gallery\/jardinette\/IMG_1007.jpg\"\n               title=\"\"\n               data-src=\"https:\/\/illiumdesign.hu\/wp-content\/gallery\/jardinette\/IMG_1007.jpg\"\n               data-thumbnail=\"https:\/\/illiumdesign.hu\/wp-content\/gallery\/jardinette\/thumbs\/thumbs_IMG_1007.jpg\"\n               data-image-id=\"157\"\n               data-title=\"IMG_1007\"\n               data-description=\"\"\n               data-image-slug=\"img_1007\"\n               class=\"ngg-simplelightbox\" rel=\"d99f19c9d57957e6fd79a69c66645ddc\">\n                <img\n                    title=\"IMG_1007\"\n                    alt=\"IMG_1007\"\n                    src=\"https:\/\/illiumdesign.hu\/wp-content\/gallery\/jardinette\/thumbs\/thumbs_IMG_1007.jpg\"\n                    width=\"240\"\n                    height=\"160\"\n                    style=\"max-width:100%;\"\n                \/>\n            <\/a>\n        <\/div>\n\t\t\t\t\t\t\t<\/div> \n\t\t\t\n\t\t\t\t<div id=\"ngg-image-1\" class=\"ngg-gallery-thumbnail-box \" >\n\t\t\t\t        <div class=\"ngg-gallery-thumbnail\">\n            <a href=\"https:\/\/illiumdesign.hu\/wp-content\/gallery\/jardinette\/IMG_0989.jpg\"\n               title=\"\"\n               data-src=\"https:\/\/illiumdesign.hu\/wp-content\/gallery\/jardinette\/IMG_0989.jpg\"\n               data-thumbnail=\"https:\/\/illiumdesign.hu\/wp-content\/gallery\/jardinette\/thumbs\/thumbs_IMG_0989.jpg\"\n               data-image-id=\"158\"\n               data-title=\"IMG_0989\"\n               data-description=\"\"\n               data-image-slug=\"img_0989\"\n               class=\"ngg-simplelightbox\" rel=\"d99f19c9d57957e6fd79a69c66645ddc\">\n                <img\n                    title=\"IMG_0989\"\n                    alt=\"IMG_0989\"\n                    src=\"https:\/\/illiumdesign.hu\/wp-content\/gallery\/jardinette\/thumbs\/thumbs_IMG_0989.jpg\"\n                    width=\"240\"\n                    height=\"160\"\n                    style=\"max-width:100%;\"\n                \/>\n            <\/a>\n        <\/div>\n\t\t\t\t\t\t\t<\/div> \n\t\t\t\n\t\t\t\t<div id=\"ngg-image-2\" class=\"ngg-gallery-thumbnail-box \" >\n\t\t\t\t        <div class=\"ngg-gallery-thumbnail\">\n            <a href=\"https:\/\/illiumdesign.hu\/wp-content\/gallery\/jardinette\/IMG_0990.jpg\"\n               title=\"\"\n               data-src=\"https:\/\/illiumdesign.hu\/wp-content\/gallery\/jardinette\/IMG_0990.jpg\"\n               data-thumbnail=\"https:\/\/illiumdesign.hu\/wp-content\/gallery\/jardinette\/thumbs\/thumbs_IMG_0990.jpg\"\n               data-image-id=\"160\"\n               data-title=\"IMG_0990\"\n               data-description=\"\"\n               data-image-slug=\"img_0990\"\n               class=\"ngg-simplelightbox\" rel=\"d99f19c9d57957e6fd79a69c66645ddc\">\n                <img\n                    title=\"IMG_0990\"\n                    alt=\"IMG_0990\"\n                    src=\"https:\/\/illiumdesign.hu\/wp-content\/gallery\/jardinette\/thumbs\/thumbs_IMG_0990.jpg\"\n                    width=\"240\"\n                    height=\"160\"\n                    style=\"max-width:100%;\"\n                \/>\n            <\/a>\n        <\/div>\n\t\t\t\t\t\t\t<\/div> \n\t\t\t\n\t\t\t\t<div id=\"ngg-image-3\" class=\"ngg-gallery-thumbnail-box \" >\n\t\t\t\t        <div class=\"ngg-gallery-thumbnail\">\n            <a href=\"https:\/\/illiumdesign.hu\/wp-content\/gallery\/jardinette\/IMG_1037.jpg\"\n               title=\"\"\n               data-src=\"https:\/\/illiumdesign.hu\/wp-content\/gallery\/jardinette\/IMG_1037.jpg\"\n               data-thumbnail=\"https:\/\/illiumdesign.hu\/wp-content\/gallery\/jardinette\/thumbs\/thumbs_IMG_1037.jpg\"\n               data-image-id=\"163\"\n               data-title=\"IMG_1037\"\n               data-description=\"\"\n               data-image-slug=\"img_1037\"\n               class=\"ngg-simplelightbox\" rel=\"d99f19c9d57957e6fd79a69c66645ddc\">\n                <img\n                    title=\"IMG_1037\"\n                    alt=\"IMG_1037\"\n                    src=\"https:\/\/illiumdesign.hu\/wp-content\/gallery\/jardinette\/thumbs\/thumbs_IMG_1037.jpg\"\n                    width=\"240\"\n                    height=\"160\"\n                    style=\"max-width:100%;\"\n                \/>\n            <\/a>\n        <\/div>\n\t\t\t\t\t\t\t<\/div> \n\t\t\t\n\t\t\t\t<div id=\"ngg-image-4\" class=\"ngg-gallery-thumbnail-box \" >\n\t\t\t\t        <div class=\"ngg-gallery-thumbnail\">\n            <a href=\"https:\/\/illiumdesign.hu\/wp-content\/gallery\/jardinette\/IMG_1027.jpg\"\n               title=\"\"\n               data-src=\"https:\/\/illiumdesign.hu\/wp-content\/gallery\/jardinette\/IMG_1027.jpg\"\n               data-thumbnail=\"https:\/\/illiumdesign.hu\/wp-content\/gallery\/jardinette\/thumbs\/thumbs_IMG_1027.jpg\"\n               data-image-id=\"164\"\n               data-title=\"IMG_1027\"\n               data-description=\"\"\n               data-image-slug=\"img_1027\"\n               class=\"ngg-simplelightbox\" rel=\"d99f19c9d57957e6fd79a69c66645ddc\">\n                <img\n                    title=\"IMG_1027\"\n                    alt=\"IMG_1027\"\n                    src=\"https:\/\/illiumdesign.hu\/wp-content\/gallery\/jardinette\/thumbs\/thumbs_IMG_1027.jpg\"\n                    width=\"240\"\n                    height=\"160\"\n                    style=\"max-width:100%;\"\n                \/>\n            <\/a>\n        <\/div>\n\t\t\t\t\t\t\t<\/div> \n\t\t\t\n\t\t\t\t<div id=\"ngg-image-5\" class=\"ngg-gallery-thumbnail-box \" >\n\t\t\t\t        <div class=\"ngg-gallery-thumbnail\">\n            <a href=\"https:\/\/illiumdesign.hu\/wp-content\/gallery\/jardinette\/IMG_1039.jpg\"\n               title=\"\"\n               data-src=\"https:\/\/illiumdesign.hu\/wp-content\/gallery\/jardinette\/IMG_1039.jpg\"\n               data-thumbnail=\"https:\/\/illiumdesign.hu\/wp-content\/gallery\/jardinette\/thumbs\/thumbs_IMG_1039.jpg\"\n               data-image-id=\"165\"\n               data-title=\"IMG_1039\"\n               data-description=\"\"\n               data-image-slug=\"img_1039\"\n               class=\"ngg-simplelightbox\" rel=\"d99f19c9d57957e6fd79a69c66645ddc\">\n                <img\n                    title=\"IMG_1039\"\n                    alt=\"IMG_1039\"\n                    src=\"https:\/\/illiumdesign.hu\/wp-content\/gallery\/jardinette\/thumbs\/thumbs_IMG_1039.jpg\"\n                    width=\"240\"\n                    height=\"160\"\n                    style=\"max-width:100%;\"\n                \/>\n            <\/a>\n        <\/div>\n\t\t\t\t\t\t\t<\/div> \n\t\t\t\n\t\n\t<br style=\"clear: both\" \/>\n\n\t\n\t\t<!-- Pagination -->\n\t<div class='ngg-clear'><\/div>\t<\/div>\n\n","protected":false},"excerpt":{"rendered":"<p>Megb\u00edz\u00e1s: tervez\u00e9s&nbsp; 16 m2 A nagy m\u00faltra visszatekint\u0151 vend\u00e9gl\u0151 vizeshelyis\u00e9geinek tervez\u00e9s\u00e9re kaptunk a megb\u00edz\u00e1st. A n\u0151i mosd\u00f3ban \u00f3ri\u00e1s vir\u00e1gmint\u00e1s f\u00e9nyes falburkolat \u00e9s nagy \u00e1ll\u00f3 t\u00fck\u00f6r [&hellip;]<\/p>\n","protected":false},"author":1,"featured_media":598,"comment_status":"closed","ping_status":"closed","sticky":false,"template":"","format":"standard","meta":{"ngg_post_thumbnail":159},"categories":[2],"tags":[],"_links":{"self":[{"href":"https:\/\/illiumdesign.hu\/index.php?rest_route=\/wp\/v2\/posts\/318"}],"collection":[{"href":"https:\/\/illiumdesign.hu\/index.php?rest_route=\/wp\/v2\/posts"}],"about":[{"href":"https:\/\/illiumdesign.hu\/index.php?rest_route=\/wp\/v2\/types\/post"}],"author":[{"embeddable":true,"href":"https:\/\/illiumdesign.hu\/index.php?rest_route=\/wp\/v2\/users\/1"}],"replies":[{"embeddable":true,"href":"https:\/\/illiumdesign.hu\/index.php?rest_route=%2Fwp%2Fv2%2Fcomments&post=318"}],"version-history":[{"count":3,"href":"https:\/\/illiumdesign.hu\/index.php?rest_route=\/wp\/v2\/posts\/318\/revisions"}],"predecessor-version":[{"id":623,"href":"https:\/\/illiumdesign.hu\/index.php?rest_route=\/wp\/v2\/posts\/318\/revisions\/623"}],"wp:featuredmedia":[{"embeddable":true,"href":"https:\/\/illiumdesign.hu\/index.php?rest_route=\/wp\/v2\/media\/598"}],"wp:attachment":[{"href":"https:\/\/illiumdesign.hu\/index.php?rest_route=%2Fwp%2Fv2%2Fmedia&parent=318"}],"wp:term":[{"taxonomy":"category","embeddable":true,"href":"https:\/\/illiumdesign.hu\/index.php?rest_route=%2Fwp%2Fv2%2Fcategories&post=318"},{"taxonomy":"post_tag","embeddable":true,"href":"https:\/\/illiumdesign.hu\/index.php?rest_route=%2Fwp%2Fv2%2Ftags&post=318"}],"curies":[{"name":"wp","href":"https:\/\/api.w.org\/{rel}","templated":true}]}}